{"id":451,"date":"2025-02-10T17:56:41","date_gmt":"2025-02-10T20:56:41","guid":{"rendered":"https:\/\/cotm.com.br\/?p=451"},"modified":"2025-02-11T10:26:56","modified_gmt":"2025-02-11T13:26:56","slug":"justica-estadual-do-rj-suspende-cobranca-de-itbi","status":"publish","type":"post","link":"https:\/\/cotm.com.br\/en\/justica-estadual-do-rj-suspende-cobranca-de-itbi\/","title":{"rendered":"(PT) Justi\u00e7a Estadual do RJ suspende cobran\u00e7a de ITBI sobre integraliza\u00e7\u00e3o de capital social de imobili\u00e1ria por interm\u00e9dio de bens im\u00f3veis\u00a0"},"content":{"rendered":"<p class=\"qtranxs-available-languages-message qtranxs-available-languages-message-en\">Sorry, this entry is only available in <a href=\"https:\/\/cotm.com.br\/pb\/wp-json\/wp\/v2\/posts\/451\" class=\"qtranxs-available-language-link qtranxs-available-language-link-pb\" title=\"PT\">PT<\/a>.<\/p>","protected":false},"excerpt":{"rendered":"<p>Sorry, this entry is only available in PT.<\/p>\n","protected":false},"author":1,"featured_media":516,"comment_status":"closed","ping_status":"closed","sticky":false,"template":"","format":"standard","meta":{"_acf_changed":false,"footnotes":""},"categories":[1],"tags":[],"class_list":["post-451","post","type-post","status-publish","format-standard","has-post-thumbnail","hentry","category-principais-noticias"],"acf":[],"yoast_head":"<!-- This site is optimized with the Yoast SEO plugin v23.1 - https:\/\/yoast.com\/wordpress\/plugins\/seo\/ -->\n<title>(PT) Justi\u00e7a Estadual do RJ suspende cobran\u00e7a de ITBI sobre integraliza\u00e7\u00e3o de capital social de imobili\u00e1ria por interm\u00e9dio de bens im\u00f3veis\u00a0 - COTM<\/title>\n<meta name=\"description\" content=\"A ju\u00edza Sheila Draxler Pereira de Souza, da Central de D\u00edvida Ativa da Comarca de Cabo Frio (RJ), decidiu que o Imposto sobre Transmiss\u00e3o de Bens Im\u00f3veis (ITBI) n\u00e3o deve incidir sobre a integraliza\u00e7\u00e3o de capital social, mesmo para empresas que atuam no setor imobili\u00e1rio. Essa decis\u00e3o liminar suspendeu a cobran\u00e7a do ITBI sobre transfer\u00eancias de im\u00f3veis realizadas por uma imobili\u00e1ria local.\" \/>\n<meta name=\"robots\" content=\"index, follow, max-snippet:-1, max-image-preview:large, max-video-preview:-1\" \/>\n<link rel=\"canonical\" href=\"https:\/\/cotm.com.br\/en\/justica-estadual-do-rj-suspende-cobranca-de-itbi\/\" \/>\n<meta property=\"og:locale\" content=\"en_US\" \/>\n<meta property=\"og:type\" content=\"article\" \/>\n<meta property=\"og:title\" content=\"(PT) Justi\u00e7a Estadual do RJ suspende cobran\u00e7a de ITBI sobre integraliza\u00e7\u00e3o de capital social de imobili\u00e1ria por interm\u00e9dio de bens im\u00f3veis\u00a0 - COTM\" \/>\n<meta property=\"og:description\" content=\"A ju\u00edza Sheila Draxler Pereira de Souza, da Central de D\u00edvida Ativa da Comarca de Cabo Frio (RJ), decidiu que o Imposto sobre Transmiss\u00e3o de Bens Im\u00f3veis (ITBI) n\u00e3o deve incidir sobre a integraliza\u00e7\u00e3o de capital social, mesmo para empresas que atuam no setor imobili\u00e1rio. Essa decis\u00e3o liminar suspendeu a cobran\u00e7a do ITBI sobre transfer\u00eancias de im\u00f3veis realizadas por uma imobili\u00e1ria local.\" \/>\n<meta property=\"og:url\" content=\"https:\/\/cotm.com.br\/en\/justica-estadual-do-rj-suspende-cobranca-de-itbi\/\" \/>\n<meta property=\"og:site_name\" content=\"COTM\" \/>\n<meta property=\"article:published_time\" content=\"2025-02-10T20:56:41+00:00\" \/>\n<meta property=\"article:modified_time\" content=\"2025-02-11T13:26:56+00:00\" \/>\n<meta property=\"og:image\" content=\"https:\/\/cotm.com.br\/wp-content\/uploads\/2025\/02\/ITBI.png\" \/>\n\t<meta property=\"og:image:width\" content=\"1920\" \/>\n\t<meta property=\"og:image:height\" content=\"1080\" \/>\n\t<meta property=\"og:image:type\" content=\"image\/png\" \/>\n<meta name=\"author\" content=\"admin\" \/>\n<meta name=\"twitter:card\" content=\"summary_large_image\" \/>\n<meta name=\"twitter:label1\" content=\"Written by\" \/>\n\t<meta name=\"twitter:data1\" content=\"admin\" \/>\n\t<meta name=\"twitter:label2\" content=\"Est. reading time\" \/>\n\t<meta name=\"twitter:data2\" content=\"3 minutes\" \/>\n<script type=\"application\/ld+json\" class=\"yoast-schema-graph\">{\"@context\":\"https:\/\/schema.org\",\"@graph\":[{\"@type\":\"Article\",\"@id\":\"https:\/\/cotm.com.br\/justica-estadual-do-rj-suspende-cobranca-de-itbi\/#article\",\"isPartOf\":{\"@id\":\"https:\/\/cotm.com.br\/justica-estadual-do-rj-suspende-cobranca-de-itbi\/\"},\"author\":{\"name\":\"admin\",\"@id\":\"https:\/\/cotm.com.br\/#\/schema\/person\/cc94b9ddb1448f965b5ec989177b1303\"},\"headline\":\"(PT) Justi\u00e7a Estadual do RJ suspende cobran\u00e7a de ITBI sobre integraliza\u00e7\u00e3o de capital social de imobili\u00e1ria por interm\u00e9dio de bens im\u00f3veis\u00a0\",\"datePublished\":\"2025-02-10T20:56:41+00:00\",\"dateModified\":\"2025-02-11T13:26:56+00:00\",\"mainEntityOfPage\":{\"@id\":\"https:\/\/cotm.com.br\/justica-estadual-do-rj-suspende-cobranca-de-itbi\/\"},\"wordCount\":560,\"publisher\":{\"@id\":\"https:\/\/cotm.com.br\/#organization\"},\"image\":{\"@id\":\"https:\/\/cotm.com.br\/justica-estadual-do-rj-suspende-cobranca-de-itbi\/#primaryimage\"},\"thumbnailUrl\":\"https:\/\/cotm.com.br\/wp-content\/uploads\/2025\/02\/ITBI.png\",\"articleSection\":[\"Sem categoria\"],\"inLanguage\":\"en-US\"},{\"@type\":\"WebPage\",\"@id\":\"https:\/\/cotm.com.br\/en\/justica-estadual-do-rj-suspende-cobranca-de-itbi\/\",\"url\":\"https:\/\/cotm.com.br\/en\/justica-estadual-do-rj-suspende-cobranca-de-itbi\/\",\"name\":\"(PT) Justi\u00e7a Estadual do RJ suspende cobran\u00e7a de ITBI sobre integraliza\u00e7\u00e3o de capital social de imobili\u00e1ria por interm\u00e9dio de bens im\u00f3veis\u00a0 - COTM\",\"isPartOf\":{\"@id\":\"https:\/\/cotm.com.br\/en\/#website\"},\"primaryImageOfPage\":{\"@id\":\"https:\/\/cotm.com.br\/en\/justica-estadual-do-rj-suspende-cobranca-de-itbi\/#primaryimage\"},\"image\":{\"@id\":\"https:\/\/cotm.com.br\/justica-estadual-do-rj-suspende-cobranca-de-itbi\/#primaryimage\"},\"thumbnailUrl\":\"https:\/\/cotm.com.br\/wp-content\/uploads\/2025\/02\/ITBI.png\",\"datePublished\":\"2025-02-10T20:56:41+00:00\",\"dateModified\":\"2025-02-11T13:26:56+00:00\",\"description\":\"A ju\u00edza Sheila Draxler Pereira de Souza, da Central de D\u00edvida Ativa da Comarca de Cabo Frio (RJ), decidiu que o Imposto sobre Transmiss\u00e3o de Bens Im\u00f3veis (ITBI) n\u00e3o deve incidir sobre a integraliza\u00e7\u00e3o de capital social, mesmo para empresas que atuam no setor imobili\u00e1rio. Essa decis\u00e3o liminar suspendeu a cobran\u00e7a do ITBI sobre transfer\u00eancias de im\u00f3veis realizadas por uma imobili\u00e1ria local.\",\"breadcrumb\":{\"@id\":\"https:\/\/cotm.com.br\/en\/justica-estadual-do-rj-suspende-cobranca-de-itbi\/#breadcrumb\"},\"inLanguage\":\"en-US\",\"potentialAction\":[{\"@type\":\"ReadAction\",\"target\":[[\"https:\/\/cotm.com.br\/en\/justica-estadual-do-rj-suspende-cobranca-de-itbi\/\"]]}]},{\"@type\":\"ImageObject\",\"inLanguage\":\"en-US\",\"@id\":\"https:\/\/cotm.com.br\/en\/justica-estadual-do-rj-suspende-cobranca-de-itbi\/#primaryimage\",\"url\":\"https:\/\/cotm.com.br\/wp-content\/uploads\/2025\/02\/ITBI.png\",\"contentUrl\":\"https:\/\/cotm.com.br\/wp-content\/uploads\/2025\/02\/ITBI.png\",\"width\":1920,\"height\":1080,\"caption\":\"Imagem - ITBI para not\u00edcia\"},{\"@type\":\"BreadcrumbList\",\"@id\":\"https:\/\/cotm.com.br\/en\/justica-estadual-do-rj-suspende-cobranca-de-itbi\/#breadcrumb\",\"itemListElement\":[{\"@type\":\"ListItem\",\"position\":1,\"name\":\"In\u00edcio\",\"item\":\"https:\/\/cotm.com.br\/en\/\"},{\"@type\":\"ListItem\",\"position\":2,\"name\":\"Justi\u00e7a Estadual do RJ suspende cobran\u00e7a de ITBI sobre integraliza\u00e7\u00e3o de capital social de imobili\u00e1ria por interm\u00e9dio de bens im\u00f3veis\u00a0\"}]},{\"@type\":\"WebSite\",\"@id\":\"https:\/\/cotm.com.br\/en\/#website\",\"url\":\"https:\/\/cotm.com.br\/en\/\",\"name\":\"Carvalho de Oliveira Advogados\",\"description\":\"Advocacia e Consultoria Jur\u00eddica\",\"publisher\":{\"@id\":\"https:\/\/cotm.com.br\/en\/#organization\"},\"alternateName\":\"Carvalho de Oliveira Advogados\",\"potentialAction\":[{\"@type\":\"SearchAction\",\"target\":{\"@type\":\"EntryPoint\",\"urlTemplate\":\"https:\/\/cotm.com.br\/en\/?s={search_term_string}\"},\"query-input\":\"required name=search_term_string\"}],\"inLanguage\":\"en-US\"},{\"@type\":\"Organization\",\"@id\":\"https:\/\/cotm.com.br\/en\/#organization\",\"name\":\"Carvalho de Oliveira Advogados\",\"alternateName\":\"Carvalho de Oliveira Advogados\",\"url\":\"https:\/\/cotm.com.br\/en\/\",\"logo\":{\"@type\":\"ImageObject\",\"inLanguage\":\"en-US\",\"@id\":\"https:\/\/cotm.com.br\/en\/#\/schema\/logo\/image\/\",\"url\":\"https:\/\/cotm.com.br\/wp-content\/uploads\/2024\/05\/cropped-Favicon3.png\",\"contentUrl\":\"https:\/\/cotm.com.br\/wp-content\/uploads\/2024\/05\/cropped-Favicon3.png\",\"width\":512,\"height\":512,\"caption\":\"Carvalho de Oliveira Advogados\"},\"image\":{\"@id\":\"https:\/\/cotm.com.br\/en\/#\/schema\/logo\/image\/\"},\"sameAs\":[\"https:\/\/www.linkedin.com\/company\/carvalho-de-oliveira-advocacia\",\"https:\/\/www.instagram.com\/carvalhodeoliveiraadv\/\"]},{\"@type\":\"Person\",\"@id\":\"https:\/\/cotm.com.br\/#\/schema\/person\/cc94b9ddb1448f965b5ec989177b1303\",\"name\":\"admin\",\"image\":{\"@type\":\"ImageObject\",\"inLanguage\":\"en-US\",\"@id\":\"https:\/\/cotm.com.br\/en\/#\/schema\/person\/image\/\",\"url\":\"https:\/\/secure.gravatar.com\/avatar\/c905ba65424bc99d600b3220e8713eaf72b4dd68497ef6722b4375ad88fd5817?s=96&d=mm&r=g\",\"contentUrl\":\"https:\/\/secure.gravatar.com\/avatar\/c905ba65424bc99d600b3220e8713eaf72b4dd68497ef6722b4375ad88fd5817?s=96&d=mm&r=g\",\"caption\":\"admin\"},\"sameAs\":[\"https:\/\/cotm.com.br\"],\"url\":\"https:\/\/cotm.com.br\/en\/author\/admin\/\"}]}<\/script>\n<!-- \/ Yoast SEO plugin. -->","yoast_head_json":{"title":"(PT) Justi\u00e7a Estadual do RJ suspende cobran\u00e7a de ITBI sobre integraliza\u00e7\u00e3o de capital social de imobili\u00e1ria por interm\u00e9dio de bens im\u00f3veis\u00a0 - COTM","description":"A ju\u00edza Sheila Draxler Pereira de Souza, da Central de D\u00edvida Ativa da Comarca de Cabo Frio (RJ), decidiu que o Imposto sobre Transmiss\u00e3o de Bens Im\u00f3veis (ITBI) n\u00e3o deve incidir sobre a integraliza\u00e7\u00e3o de capital social, mesmo para empresas que atuam no setor imobili\u00e1rio. Essa decis\u00e3o liminar suspendeu a cobran\u00e7a do ITBI sobre transfer\u00eancias de im\u00f3veis realizadas por uma imobili\u00e1ria local.","robots":{"index":"index","follow":"follow","max-snippet":"max-snippet:-1","max-image-preview":"max-image-preview:large","max-video-preview":"max-video-preview:-1"},"canonical":"https:\/\/cotm.com.br\/en\/justica-estadual-do-rj-suspende-cobranca-de-itbi\/","og_locale":"en_US","og_type":"article","og_title":"(PT) Justi\u00e7a Estadual do RJ suspende cobran\u00e7a de ITBI sobre integraliza\u00e7\u00e3o de capital social de imobili\u00e1ria por interm\u00e9dio de bens im\u00f3veis\u00a0 - COTM","og_description":"A ju\u00edza Sheila Draxler Pereira de Souza, da Central de D\u00edvida Ativa da Comarca de Cabo Frio (RJ), decidiu que o Imposto sobre Transmiss\u00e3o de Bens Im\u00f3veis (ITBI) n\u00e3o deve incidir sobre a integraliza\u00e7\u00e3o de capital social, mesmo para empresas que atuam no setor imobili\u00e1rio. Essa decis\u00e3o liminar suspendeu a cobran\u00e7a do ITBI sobre transfer\u00eancias de im\u00f3veis realizadas por uma imobili\u00e1ria local.","og_url":"https:\/\/cotm.com.br\/en\/justica-estadual-do-rj-suspende-cobranca-de-itbi\/","og_site_name":"COTM","article_published_time":"2025-02-10T20:56:41+00:00","article_modified_time":"2025-02-11T13:26:56+00:00","og_image":[{"width":1920,"height":1080,"url":"https:\/\/cotm.com.br\/wp-content\/uploads\/2025\/02\/ITBI.png","type":"image\/png"}],"author":"admin","twitter_card":"summary_large_image","twitter_misc":{"Written by":"admin","Est. reading time":"3 minutes"},"schema":{"@context":"https:\/\/schema.org","@graph":[{"@type":"Article","@id":"https:\/\/cotm.com.br\/justica-estadual-do-rj-suspende-cobranca-de-itbi\/#article","isPartOf":{"@id":"https:\/\/cotm.com.br\/justica-estadual-do-rj-suspende-cobranca-de-itbi\/"},"author":{"name":"admin","@id":"https:\/\/cotm.com.br\/#\/schema\/person\/cc94b9ddb1448f965b5ec989177b1303"},"headline":"(PT) Justi\u00e7a Estadual do RJ suspende cobran\u00e7a de ITBI sobre integraliza\u00e7\u00e3o de capital social de imobili\u00e1ria por interm\u00e9dio de bens im\u00f3veis\u00a0","datePublished":"2025-02-10T20:56:41+00:00","dateModified":"2025-02-11T13:26:56+00:00","mainEntityOfPage":{"@id":"https:\/\/cotm.com.br\/justica-estadual-do-rj-suspende-cobranca-de-itbi\/"},"wordCount":560,"publisher":{"@id":"https:\/\/cotm.com.br\/#organization"},"image":{"@id":"https:\/\/cotm.com.br\/justica-estadual-do-rj-suspende-cobranca-de-itbi\/#primaryimage"},"thumbnailUrl":"https:\/\/cotm.com.br\/wp-content\/uploads\/2025\/02\/ITBI.png","articleSection":["Sem categoria"],"inLanguage":"en-US"},{"@type":"WebPage","@id":"https:\/\/cotm.com.br\/en\/justica-estadual-do-rj-suspende-cobranca-de-itbi\/","url":"https:\/\/cotm.com.br\/en\/justica-estadual-do-rj-suspende-cobranca-de-itbi\/","name":"(PT) Justi\u00e7a Estadual do RJ suspende cobran\u00e7a de ITBI sobre integraliza\u00e7\u00e3o de capital social de imobili\u00e1ria por interm\u00e9dio de bens im\u00f3veis\u00a0 - COTM","isPartOf":{"@id":"https:\/\/cotm.com.br\/en\/#website"},"primaryImageOfPage":{"@id":"https:\/\/cotm.com.br\/en\/justica-estadual-do-rj-suspende-cobranca-de-itbi\/#primaryimage"},"image":{"@id":"https:\/\/cotm.com.br\/justica-estadual-do-rj-suspende-cobranca-de-itbi\/#primaryimage"},"thumbnailUrl":"https:\/\/cotm.com.br\/wp-content\/uploads\/2025\/02\/ITBI.png","datePublished":"2025-02-10T20:56:41+00:00","dateModified":"2025-02-11T13:26:56+00:00","description":"A ju\u00edza Sheila Draxler Pereira de Souza, da Central de D\u00edvida Ativa da Comarca de Cabo Frio (RJ), decidiu que o Imposto sobre Transmiss\u00e3o de Bens Im\u00f3veis (ITBI) n\u00e3o deve incidir sobre a integraliza\u00e7\u00e3o de capital social, mesmo para empresas que atuam no setor imobili\u00e1rio. Essa decis\u00e3o liminar suspendeu a cobran\u00e7a do ITBI sobre transfer\u00eancias de im\u00f3veis realizadas por uma imobili\u00e1ria local.","breadcrumb":{"@id":"https:\/\/cotm.com.br\/en\/justica-estadual-do-rj-suspende-cobranca-de-itbi\/#breadcrumb"},"inLanguage":"en-US","potentialAction":[{"@type":"ReadAction","target":[["https:\/\/cotm.com.br\/en\/justica-estadual-do-rj-suspende-cobranca-de-itbi\/"]]}]},{"@type":"ImageObject","inLanguage":"en-US","@id":"https:\/\/cotm.com.br\/en\/justica-estadual-do-rj-suspende-cobranca-de-itbi\/#primaryimage","url":"https:\/\/cotm.com.br\/wp-content\/uploads\/2025\/02\/ITBI.png","contentUrl":"https:\/\/cotm.com.br\/wp-content\/uploads\/2025\/02\/ITBI.png","width":1920,"height":1080,"caption":"Imagem - ITBI para not\u00edcia"},{"@type":"BreadcrumbList","@id":"https:\/\/cotm.com.br\/en\/justica-estadual-do-rj-suspende-cobranca-de-itbi\/#breadcrumb","itemListElement":[{"@type":"ListItem","position":1,"name":"In\u00edcio","item":"https:\/\/cotm.com.br\/en\/"},{"@type":"ListItem","position":2,"name":"Justi\u00e7a Estadual do RJ suspende cobran\u00e7a de ITBI sobre integraliza\u00e7\u00e3o de capital social de imobili\u00e1ria por interm\u00e9dio de bens im\u00f3veis\u00a0"}]},{"@type":"WebSite","@id":"https:\/\/cotm.com.br\/en\/#website","url":"https:\/\/cotm.com.br\/en\/","name":"Carvalho de Oliveira Advogados","description":"Advocacia e Consultoria Jur\u00eddica","publisher":{"@id":"https:\/\/cotm.com.br\/en\/#organization"},"alternateName":"Carvalho de Oliveira Advogados","potentialAction":[{"@type":"SearchAction","target":{"@type":"EntryPoint","urlTemplate":"https:\/\/cotm.com.br\/en\/?s={search_term_string}"},"query-input":"required name=search_term_string"}],"inLanguage":"en-US"},{"@type":"Organization","@id":"https:\/\/cotm.com.br\/en\/#organization","name":"Carvalho de Oliveira Advogados","alternateName":"Carvalho de Oliveira Advogados","url":"https:\/\/cotm.com.br\/en\/","logo":{"@type":"ImageObject","inLanguage":"en-US","@id":"https:\/\/cotm.com.br\/en\/#\/schema\/logo\/image\/","url":"https:\/\/cotm.com.br\/wp-content\/uploads\/2024\/05\/cropped-Favicon3.png","contentUrl":"https:\/\/cotm.com.br\/wp-content\/uploads\/2024\/05\/cropped-Favicon3.png","width":512,"height":512,"caption":"Carvalho de Oliveira Advogados"},"image":{"@id":"https:\/\/cotm.com.br\/en\/#\/schema\/logo\/image\/"},"sameAs":["https:\/\/www.linkedin.com\/company\/carvalho-de-oliveira-advocacia","https:\/\/www.instagram.com\/carvalhodeoliveiraadv\/"]},{"@type":"Person","@id":"https:\/\/cotm.com.br\/#\/schema\/person\/cc94b9ddb1448f965b5ec989177b1303","name":"admin","image":{"@type":"ImageObject","inLanguage":"en-US","@id":"https:\/\/cotm.com.br\/en\/#\/schema\/person\/image\/","url":"https:\/\/secure.gravatar.com\/avatar\/c905ba65424bc99d600b3220e8713eaf72b4dd68497ef6722b4375ad88fd5817?s=96&d=mm&r=g","contentUrl":"https:\/\/secure.gravatar.com\/avatar\/c905ba65424bc99d600b3220e8713eaf72b4dd68497ef6722b4375ad88fd5817?s=96&d=mm&r=g","caption":"admin"},"sameAs":["https:\/\/cotm.com.br"],"url":"https:\/\/cotm.com.br\/en\/author\/admin\/"}]}},"_links":{"self":[{"href":"https:\/\/cotm.com.br\/en\/wp-json\/wp\/v2\/posts\/451","targetHints":{"allow":["GET"]}}],"collection":[{"href":"https:\/\/cotm.com.br\/en\/wp-json\/wp\/v2\/posts"}],"about":[{"href":"https:\/\/cotm.com.br\/en\/wp-json\/wp\/v2\/types\/post"}],"author":[{"embeddable":true,"href":"https:\/\/cotm.com.br\/en\/wp-json\/wp\/v2\/users\/1"}],"replies":[{"embeddable":true,"href":"https:\/\/cotm.com.br\/en\/wp-json\/wp\/v2\/comments?post=451"}],"version-history":[{"count":4,"href":"https:\/\/cotm.com.br\/en\/wp-json\/wp\/v2\/posts\/451\/revisions"}],"predecessor-version":[{"id":499,"href":"https:\/\/cotm.com.br\/en\/wp-json\/wp\/v2\/posts\/451\/revisions\/499"}],"wp:featuredmedia":[{"embeddable":true,"href":"https:\/\/cotm.com.br\/en\/wp-json\/wp\/v2\/media\/516"}],"wp:attachment":[{"href":"https:\/\/cotm.com.br\/en\/wp-json\/wp\/v2\/media?parent=451"}],"wp:term":[{"taxonomy":"category","embeddable":true,"href":"https:\/\/cotm.com.br\/en\/wp-json\/wp\/v2\/categories?post=451"},{"taxonomy":"post_tag","embeddable":true,"href":"https:\/\/cotm.com.br\/en\/wp-json\/wp\/v2\/tags?post=451"}],"curies":[{"name":"wp","href":"https:\/\/api.w.org\/{rel}","templated":true}]}}